{"id":14,"count":2,"description":"Val\u00e9rie Gervasoni propose des formations en Communication Animale et V\u00e9g\u00e9tale \u00e0 Villard de Lans\u00a0 Vercors en petits groupes en week end","link":"https:\/\/valeriegervasoni.fr\/index.php\/evenements\/categorie\/formations\/formation-communication-animale-vegetale\/","name":"Formation Communication Animale V\u00e9g\u00e9tale","slug":"formation-communication-animale-vegetale","taxonomy":"tribe_events_cat","parent":13,"meta":[],"yoast_head":"<!-- This site is optimized with the Yoast SEO plugin v26.9 - https:\/\/yoast.com\/product\/yoast-seo-wordpress\/ -->\n<title>Archives des Formation Communication Animale V\u00e9g\u00e9tale - Val\u00e9rie GERVASONI<\/title>\n<meta name=\"description\" content=\"Val\u00e9rie Gervasoni propose des formations en Communication Animale et V\u00e9g\u00e9tale \u00e0 Villard de Lans\u00a0 Vercors en petits groupes en week end\" \/>\n<meta name=\"robots\" content=\"index, follow, max-snippet:-1, max-image-preview:large, max-video-preview:-1\" \/>\n<link rel=\"canonical\" href=\"https:\/\/valeriegervasoni.fr\/index.php\/evenements\/categorie\/formations\/formation-communication-animale-vegetale\/\" \/>\n<meta property=\"og:locale\" content=\"fr_FR\" \/>\n<meta property=\"og:type\" content=\"article\" \/>\n<meta property=\"og:title\" content=\"Archives des Formation Communication Animale V\u00e9g\u00e9tale - Val\u00e9rie GERVASONI\" \/>\n<meta property=\"og:description\" content=\"Val\u00e9rie Gervasoni propose des formations en Communication Animale et V\u00e9g\u00e9tale \u00e0 Villard de Lans\u00a0 Vercors en petits groupes en week end\" \/>\n<meta property=\"og:url\" content=\"https:\/\/valeriegervasoni.fr\/index.php\/evenements\/categorie\/formations\/formation-communication-animale-vegetale\/\" \/>\n<meta property=\"og:site_name\" content=\"Val\u00e9rie GERVASONI\" \/>\n<meta name=\"twitter:card\" content=\"summary_large_image\" \/>\n<script type=\"application\/ld+json\" class=\"yoast-schema-graph\">{\"@context\":\"https:\/\/schema.org\",\"@graph\":[{\"@type\":\"CollectionPage\",\"@id\":\"https:\/\/valeriegervasoni.fr\/index.php\/evenements\/categorie\/formations\/formation-communication-animale-vegetale\/\",\"url\":\"https:\/\/valeriegervasoni.fr\/index.php\/evenements\/categorie\/formations\/formation-communication-animale-vegetale\/\",\"name\":\"Archives des Formation Communication Animale V\u00e9g\u00e9tale - Val\u00e9rie GERVASONI\",\"isPartOf\":{\"@id\":\"https:\/\/valeriegervasoni.fr\/#website\"},\"description\":\"Val\u00e9rie Gervasoni propose des formations en Communication Animale et V\u00e9g\u00e9tale \u00e0 Villard de Lans\u00a0 Vercors en petits groupes en week end\",\"breadcrumb\":{\"@id\":\"https:\/\/valeriegervasoni.fr\/index.php\/evenements\/categorie\/formations\/formation-communication-animale-vegetale\/#breadcrumb\"},\"inLanguage\":\"fr-FR\"},{\"@type\":\"BreadcrumbList\",\"@id\":\"https:\/\/valeriegervasoni.fr\/index.php\/evenements\/categorie\/formations\/formation-communication-animale-vegetale\/#breadcrumb\",\"itemListElement\":[{\"@type\":\"ListItem\",\"position\":1,\"name\":\"Accueil\",\"item\":\"https:\/\/valeriegervasoni.fr\/\"},{\"@type\":\"ListItem\",\"position\":2,\"name\":\"Formations\",\"item\":\"https:\/\/valeriegervasoni.fr\/index.php\/evenements\/categorie\/formations\/\"},{\"@type\":\"ListItem\",\"position\":3,\"name\":\"Formation Communication Animale V\u00e9g\u00e9tale\"}]},{\"@type\":\"WebSite\",\"@id\":\"https:\/\/valeriegervasoni.fr\/#website\",\"url\":\"https:\/\/valeriegervasoni.fr\/\",\"name\":\"Val\u00e9rie GERVASONI\",\"description\":\"SE CONNECTER AU VIVANT POUR S\u2019OUVRIR A UN MONDE PLUS GRAND\",\"publisher\":{\"@id\":\"https:\/\/valeriegervasoni.fr\/#organization\"},\"potentialAction\":[{\"@type\":\"SearchAction\",\"target\":{\"@type\":\"EntryPoint\",\"urlTemplate\":\"https:\/\/valeriegervasoni.fr\/?s={search_term_string}\"},\"query-input\":{\"@type\":\"PropertyValueSpecification\",\"valueRequired\":true,\"valueName\":\"search_term_string\"}}],\"inLanguage\":\"fr-FR\"},{\"@type\":\"Organization\",\"@id\":\"https:\/\/valeriegervasoni.fr\/#organization\",\"name\":\"Val\u00e9rie GERVASONI\",\"url\":\"https:\/\/valeriegervasoni.fr\/\",\"logo\":{\"@type\":\"ImageObject\",\"inLanguage\":\"fr-FR\",\"@id\":\"https:\/\/valeriegervasoni.fr\/#\/schema\/logo\/image\/\",\"url\":\"https:\/\/i0.wp.com\/valeriegervasoni.fr\/wp-content\/uploads\/2024\/12\/cropped-cropped-Beige-Simple-Elegant-Personal-LinkedIn-Banner-1.png?fit=1582%2C394&ssl=1\",\"contentUrl\":\"https:\/\/i0.wp.com\/valeriegervasoni.fr\/wp-content\/uploads\/2024\/12\/cropped-cropped-Beige-Simple-Elegant-Personal-LinkedIn-Banner-1.png?fit=1582%2C394&ssl=1\",\"width\":1582,\"height\":394,\"caption\":\"Val\u00e9rie GERVASONI\"},\"image\":{\"@id\":\"https:\/\/valeriegervasoni.fr\/#\/schema\/logo\/image\/\"},\"sameAs\":[\"https:\/\/www.facebook.com\/profile.php?id=100085889790734\",\"https:\/\/www.facebook.com\/profile.php?id=100082958982464\"]}]}<\/script>\n<!-- \/ Yoast SEO plugin. -->","yoast_head_json":{"title":"Archives des Formation Communication Animale V\u00e9g\u00e9tale - Val\u00e9rie GERVASONI","description":"Val\u00e9rie Gervasoni propose des formations en Communication Animale et V\u00e9g\u00e9tale \u00e0 Villard de Lans\u00a0 Vercors en petits groupes en week end","robots":{"index":"index","follow":"follow","max-snippet":"max-snippet:-1","max-image-preview":"max-image-preview:large","max-video-preview":"max-video-preview:-1"},"canonical":"https:\/\/valeriegervasoni.fr\/index.php\/evenements\/categorie\/formations\/formation-communication-animale-vegetale\/","og_locale":"fr_FR","og_type":"article","og_title":"Archives des Formation Communication Animale V\u00e9g\u00e9tale - Val\u00e9rie GERVASONI","og_description":"Val\u00e9rie Gervasoni propose des formations en Communication Animale et V\u00e9g\u00e9tale \u00e0 Villard de Lans\u00a0 Vercors en petits groupes en week end","og_url":"https:\/\/valeriegervasoni.fr\/index.php\/evenements\/categorie\/formations\/formation-communication-animale-vegetale\/","og_site_name":"Val\u00e9rie GERVASONI","twitter_card":"summary_large_image","schema":{"@context":"https:\/\/schema.org","@graph":[{"@type":"CollectionPage","@id":"https:\/\/valeriegervasoni.fr\/index.php\/evenements\/categorie\/formations\/formation-communication-animale-vegetale\/","url":"https:\/\/valeriegervasoni.fr\/index.php\/evenements\/categorie\/formations\/formation-communication-animale-vegetale\/","name":"Archives des Formation Communication Animale V\u00e9g\u00e9tale - Val\u00e9rie GERVASONI","isPartOf":{"@id":"https:\/\/valeriegervasoni.fr\/#website"},"description":"Val\u00e9rie Gervasoni propose des formations en Communication Animale et V\u00e9g\u00e9tale \u00e0 Villard de Lans\u00a0 Vercors en petits groupes en week end","breadcrumb":{"@id":"https:\/\/valeriegervasoni.fr\/index.php\/evenements\/categorie\/formations\/formation-communication-animale-vegetale\/#breadcrumb"},"inLanguage":"fr-FR"},{"@type":"BreadcrumbList","@id":"https:\/\/valeriegervasoni.fr\/index.php\/evenements\/categorie\/formations\/formation-communication-animale-vegetale\/#breadcrumb","itemListElement":[{"@type":"ListItem","position":1,"name":"Accueil","item":"https:\/\/valeriegervasoni.fr\/"},{"@type":"ListItem","position":2,"name":"Formations","item":"https:\/\/valeriegervasoni.fr\/index.php\/evenements\/categorie\/formations\/"},{"@type":"ListItem","position":3,"name":"Formation Communication Animale V\u00e9g\u00e9tale"}]},{"@type":"WebSite","@id":"https:\/\/valeriegervasoni.fr\/#website","url":"https:\/\/valeriegervasoni.fr\/","name":"Val\u00e9rie GERVASONI","description":"SE CONNECTER AU VIVANT POUR S\u2019OUVRIR A UN MONDE PLUS GRAND","publisher":{"@id":"https:\/\/valeriegervasoni.fr\/#organization"},"potentialAction":[{"@type":"SearchAction","target":{"@type":"EntryPoint","urlTemplate":"https:\/\/valeriegervasoni.fr\/?s={search_term_string}"},"query-input":{"@type":"PropertyValueSpecification","valueRequired":true,"valueName":"search_term_string"}}],"inLanguage":"fr-FR"},{"@type":"Organization","@id":"https:\/\/valeriegervasoni.fr\/#organization","name":"Val\u00e9rie GERVASONI","url":"https:\/\/valeriegervasoni.fr\/","logo":{"@type":"ImageObject","inLanguage":"fr-FR","@id":"https:\/\/valeriegervasoni.fr\/#\/schema\/logo\/image\/","url":"https:\/\/i0.wp.com\/valeriegervasoni.fr\/wp-content\/uploads\/2024\/12\/cropped-cropped-Beige-Simple-Elegant-Personal-LinkedIn-Banner-1.png?fit=1582%2C394&ssl=1","contentUrl":"https:\/\/i0.wp.com\/valeriegervasoni.fr\/wp-content\/uploads\/2024\/12\/cropped-cropped-Beige-Simple-Elegant-Personal-LinkedIn-Banner-1.png?fit=1582%2C394&ssl=1","width":1582,"height":394,"caption":"Val\u00e9rie GERVASONI"},"image":{"@id":"https:\/\/valeriegervasoni.fr\/#\/schema\/logo\/image\/"},"sameAs":["https:\/\/www.facebook.com\/profile.php?id=100085889790734","https:\/\/www.facebook.com\/profile.php?id=100082958982464"]}]}},"_links":{"self":[{"href":"https:\/\/valeriegervasoni.fr\/index.php\/wp-json\/wp\/v2\/tribe_events_cat\/14","targetHints":{"allow":["GET"]}}],"collection":[{"href":"https:\/\/valeriegervasoni.fr\/index.php\/wp-json\/wp\/v2\/tribe_events_cat"}],"about":[{"href":"https:\/\/valeriegervasoni.fr\/index.php\/wp-json\/wp\/v2\/taxonomies\/tribe_events_cat"}],"up":[{"embeddable":true,"href":"https:\/\/valeriegervasoni.fr\/index.php\/wp-json\/wp\/v2\/tribe_events_cat\/13"}],"wp:post_type":[{"href":"https:\/\/valeriegervasoni.fr\/index.php\/wp-json\/wp\/v2\/tribe_events?tribe_events_cat=14"},{"href":"https:\/\/valeriegervasoni.fr\/index.php\/wp-json\/wp\/v2\/tec_calendar_embed?tribe_events_cat=14"}],"curies":[{"name":"wp","href":"https:\/\/api.w.org\/{rel}","templated":true}]}}